{"id":8630,"date":"2023-08-31T14:17:00","date_gmt":"2023-08-31T18:17:00","guid":{"rendered":"https:\/\/www.airmedic.net\/communique-de-presse\/acquisition-of-airmedic-airmedic-remains-quebec-owned\/"},"modified":"2023-08-31T14:17:00","modified_gmt":"2023-08-31T18:17:00","slug":"acquisition-of-airmedic-airmedic-remains-quebec-owned","status":"publish","type":"communique-de-presse","link":"https:\/\/www.airmedic.net\/en\/communique-de-presse\/acquisition-of-airmedic-airmedic-remains-quebec-owned\/","title":{"rendered":"Acquisition of Airmedic: Airmedic Remains Qu\u00e9bec-Owned"},"content":{"rendered":"<h2>Emergency Air Care in Qu\u00e9bec<br \/>\nAirmedic Remains Under Qu\u00e9bec Ownership<\/h2>\n<p><strong>L\u00c9VIS, August 31, 2023<\/strong> \u2013 Dessercom has become the new owner of Airmedic, a Qu\u00e9bec leader in emergency air medical care, ensuring that the company remains under Qu\u00e9bec ownership. Therefore, this $54-million transaction will secure the organization\u2019s long-term stability and support its continued growth.   <\/p>\n<p>Finally, this acquisition was made possible through the financial support of F\u00e9d\u00e9ration des caisses Desjardins du Qu\u00e9bec and Capital r\u00e9gional et coop\u00e9ratif Desjardins.<\/p>\n<h3>Serving All of Qu\u00e9bec, at All Times<\/h3>\n<p>Airmedic remains the only private company offering medical assistance services in Qu\u00e9bec. Therefore, it continues to deliver safe and adapted emergency air care, regardless of the situation. Since 2012, Airmedic crews have carried out more than 8,370 missions across the province.  <\/p>\n<p>\u201cToday, we welcome more than 10 years of expertise in medical assistance and air transport. This unique know-how includes emergency medical evacuations by helicopter and airplane. Therefore, this acquisition aligns directly with our mission to improve healthcare in Qu\u00e9bec. It also supports our goal to diversify our services,\u201d said Maxime Laviolette, President and Chief Executive Officer of Dessercom.<\/p>\n<p>Healthcare organizations will continue to benefit from Airmedic\u2019s expertise. Mining and forestry companies will also maintain access to these specialized services. In addition, individuals living in remote regions, especially First Nations communities, will still be able to count on Airmedic.<br \/>The management team and roughly 150 employees remain in place to ensure uninterrupted service. The company will continue operating as an autonomous entity from Saint-Hubert, Qu\u00e9bec.    <\/p>\n<p>\u201cWe are pleased to look toward the future with a partner that has delivered prehospital emergency services for 40 years and shares our values of excellence and compassion. Therefore, Dessercom will bring stability for both our operations and our employees, and will guide the leadership team as we advance several projects that matter deeply to us,\u201d added Sophie Larochelle, Chief Executive Officer of Airmedic.<\/p>\n<p>-30-<\/p>\n<h4><strong>About Dessercom<\/strong><\/h4>\n<p>Dessercom, a charitable organization founded in 1968, has been providing pre-hospital emergency services since 1984 and non-emergency medical transportation since 1995. With a team of over 1,000 professionals spread across 14 administrative regions in Quebec, it is the largest company in Canada in this field. A major philanthropic player in Quebec, Dessercom has donated more than $55 million to various health organizations and foundations since its inception. Committed to serving the public in all its areas of activity, Dessercom works daily to improve healthcare and the well-being of the communities it serves.   <\/p>\n<h4><strong>About Airmedic<\/strong><\/h4>\n<p>Airmedic is an innovative Qu\u00e9bec-based company offering emergency medical assistance and air transport by helicopter or airplane throughout the province. It is the only organization in Qu\u00e9bec operating its own dedicated fleet for emergency evacuations and interhospital transfers. Since 2016, Airmedic has held Accreditation Canada certification and Transport Canada authorizations for night vision goggle operations and IFR-certified helicopter missions\u2014testament to its commitment to high-quality, safe medical care.   <\/p>\n<p>Sources<br \/>\nDessercom<br \/>\n\u00c9milie Bonneau Director \u2013 Communications and Philanthropy<br \/>Airmedic<br \/>Jean-Patrick Laflamme Director, Communications, Public and Government Relations<br \/>For information and interviews : Dessercom<br \/>\nAnne-Marie-A. Savoie Partner | Fernandez Public Relations<br \/>\n418-934-7448 | annemarie@fernandezcom.ca <\/p>\n<p>Airmedic<br \/>Rapha\u00eble Bourgault<br \/>Business Development and Strategic Communications Manager<br \/>\n<a href=\"mailto:Raphaele.bourgault@airmedic.net\">Raphaele.bourgault@airmedic.net<\/a><br \/>\n514-709-9633<\/p>\n<h4><b>Q&amp;A<\/b><\/h4>\n<div align=\"justify\">\n<ol>\n<li><strong>I have an Airmedic protection plan. Is it still valid?<\/strong><br \/>\nYes. All operations remain active and your protection remains valid. Our teams are available 24\/7 for evacuations and air transports. <\/li>\n<li><strong>Do Airmedic\u2019s services change following the acquisition?<\/strong><br \/>\nNo. Services, teams, and aircraft (helicopters and airplanes) remain exactly the same. All members and clients will continue to receive assistance and air medical transport according to their protection or contract, day or night, anywhere in Qu\u00e9bec. <\/li>\n<li><strong>Will there be a temporary service interruption during the transition?<\/strong><br \/>\nNo. Airmedic provides 24\/7 service with no interruptions, regardless of where you are in Qu\u00e9bec.  <\/li>\n<li><strong>Do you still accept new clients, or only existing ones?<\/strong><br class=\"yoast-text-mark\">We continue to honor all existing protections and contracts. In addition, we are pleased to offer services to all new individual, corporate, or institutional clients.<br \/>To validate your subscription status, visit your member portal.<br \/>To explore available protection plans, visit airmedic.net.<br \/>For corporate or institutional clients, the <a href=\"mailto:ventes@airmedic.net\">sales <\/a>team is available to assist.    <\/li>\n<\/ol>\n<\/div>\n<p>For additional questions or comments, please use the <a title=\"the contact form\" href=\"https:\/\/forms.office.com\/r\/2ZvrxtV5Xc\" target=\"_blank\" rel=\"noopener noreferrer\"><span style=\"color: #b62f2f;\"><b>contact form<\/b><\/span><\/a>. For further information, you can also reach Airmedic\u2019s customer service at 1-866-673-3838. <\/p>\n","protected":false},"excerpt":{"rendered":"<p>L\u00c9VIS, August 31, 2023 \u2013 Dessercom has become the owner of Airmedic, a leader in emergency air medical transport, ensuring the company remains under Qu\u00e9bec ownership. This $54-million transaction will secure the organization\u2019s long-term stability and support its continued growth. The company received Court approval today for the acquisition of Airmedic, which had filed under the Companies\u2019 Creditors Arrangement Act (CCAA) in July. The transaction officially takes effect on August 31, 2023.   <\/p>\n","protected":false},"featured_media":0,"template":"","meta":{"_acf_changed":false,"inline_featured_image":false},"class_list":["post-8630","communique-de-presse","type-communique-de-presse","status-publish","hentry"],"acf":[],"yoast_head":"<!-- This site is optimized with the Yoast SEO Premium plugin v26.9 (Yoast SEO v26.9) - https:\/\/yoast.com\/product\/yoast-seo-premium-wordpress\/ -->\n<title>Emergency Air Care in Qu\u00e9bec: Airmedic Remains Local<\/title>\n<meta name=\"description\" content=\"Airmedic, a leading expert in emergency air care in Qu\u00e9bec, remains locally owned following its acquisition by Dessercom.\" \/>\n<meta name=\"robots\" content=\"index, follow, max-snippet:-1, max-image-preview:large, max-video-preview:-1\" \/>\n<link rel=\"canonical\" href=\"https:\/\/www.airmedic.net\/en\/communique-de-presse\/acquisition-of-airmedic-airmedic-remains-quebec-owned\/\" \/>\n<meta property=\"og:locale\" content=\"en_US\" \/>\n<meta property=\"og:type\" content=\"article\" \/>\n<meta property=\"og:title\" content=\"Acquisition of Airmedic: Airmedic Remains Qu\u00e9bec-Owned\" \/>\n<meta property=\"og:description\" content=\"Airmedic, a leading expert in emergency air care in Qu\u00e9bec, remains locally owned following its acquisition by Dessercom.\" \/>\n<meta property=\"og:url\" content=\"https:\/\/www.airmedic.net\/en\/communique-de-presse\/acquisition-of-airmedic-airmedic-remains-quebec-owned\/\" \/>\n<meta property=\"og:site_name\" content=\"Airmedic\" \/>\n<meta property=\"article:publisher\" content=\"https:\/\/www.facebook.com\/AIRMEDIC.QC\" \/>\n<meta name=\"twitter:card\" content=\"summary_large_image\" \/>\n<meta name=\"twitter:label1\" content=\"Est. reading time\" \/>\n\t<meta name=\"twitter:data1\" content=\"4 minutes\" \/>\n<script type=\"application\/ld+json\" class=\"yoast-schema-graph\">{\"@context\":\"https:\/\/schema.org\",\"@graph\":[{\"@type\":\"WebPage\",\"@id\":\"https:\/\/www.airmedic.net\/en\/communique-de-presse\/acquisition-of-airmedic-airmedic-remains-quebec-owned\/\",\"url\":\"https:\/\/www.airmedic.net\/en\/communique-de-presse\/acquisition-of-airmedic-airmedic-remains-quebec-owned\/\",\"name\":\"Emergency Air Care in Qu\u00e9bec: Airmedic Remains Local\",\"isPartOf\":{\"@id\":\"https:\/\/www.airmedic.net\/en\/#website\"},\"datePublished\":\"2023-08-31T18:17:00+00:00\",\"description\":\"Airmedic, a leading expert in emergency air care in Qu\u00e9bec, remains locally owned following its acquisition by Dessercom.\",\"breadcrumb\":{\"@id\":\"https:\/\/www.airmedic.net\/en\/communique-de-presse\/acquisition-of-airmedic-airmedic-remains-quebec-owned\/#breadcrumb\"},\"inLanguage\":\"en-US\",\"potentialAction\":[{\"@type\":\"ReadAction\",\"target\":[\"https:\/\/www.airmedic.net\/en\/communique-de-presse\/acquisition-of-airmedic-airmedic-remains-quebec-owned\/\"]}]},{\"@type\":\"BreadcrumbList\",\"@id\":\"https:\/\/www.airmedic.net\/en\/communique-de-presse\/acquisition-of-airmedic-airmedic-remains-quebec-owned\/#breadcrumb\",\"itemListElement\":[{\"@type\":\"ListItem\",\"position\":1,\"name\":\"Home\",\"item\":\"https:\/\/www.airmedic.net\/en\/\"},{\"@type\":\"ListItem\",\"position\":2,\"name\":\"Acquisition of Airmedic: Airmedic Remains Qu\u00e9bec-Owned\"}]},{\"@type\":\"WebSite\",\"@id\":\"https:\/\/www.airmedic.net\/en\/#website\",\"url\":\"https:\/\/www.airmedic.net\/en\/\",\"name\":\"Airmedic\",\"description\":\"\",\"publisher\":{\"@id\":\"https:\/\/www.airmedic.net\/en\/#organization\"},\"inLanguage\":\"en-US\"},{\"@type\":\"Organization\",\"@id\":\"https:\/\/www.airmedic.net\/en\/#organization\",\"name\":\"Airmedic\",\"url\":\"https:\/\/www.airmedic.net\/en\/\",\"logo\":{\"@type\":\"ImageObject\",\"inLanguage\":\"en-US\",\"@id\":\"https:\/\/www.airmedic.net\/en\/#\/schema\/logo\/image\/\",\"url\":\"https:\/\/www.airmedic.net\/wp-content\/uploads\/2024\/10\/logo-header.svg\",\"contentUrl\":\"https:\/\/www.airmedic.net\/wp-content\/uploads\/2024\/10\/logo-header.svg\",\"width\":443,\"height\":123,\"caption\":\"Airmedic\"},\"image\":{\"@id\":\"https:\/\/www.airmedic.net\/en\/#\/schema\/logo\/image\/\"},\"sameAs\":[\"https:\/\/www.facebook.com\/AIRMEDIC.QC\",\"https:\/\/www.instagram.com\/airmedicqc\",\"https:\/\/www.youtube.com\/@airmedic6472\"]}]}<\/script>\n<!-- \/ Yoast SEO Premium plugin. -->","yoast_head_json":{"title":"Emergency Air Care in Qu\u00e9bec: Airmedic Remains Local","description":"Airmedic, a leading expert in emergency air care in Qu\u00e9bec, remains locally owned following its acquisition by Dessercom.","robots":{"index":"index","follow":"follow","max-snippet":"max-snippet:-1","max-image-preview":"max-image-preview:large","max-video-preview":"max-video-preview:-1"},"canonical":"https:\/\/www.airmedic.net\/en\/communique-de-presse\/acquisition-of-airmedic-airmedic-remains-quebec-owned\/","og_locale":"en_US","og_type":"article","og_title":"Acquisition of Airmedic: Airmedic Remains Qu\u00e9bec-Owned","og_description":"Airmedic, a leading expert in emergency air care in Qu\u00e9bec, remains locally owned following its acquisition by Dessercom.","og_url":"https:\/\/www.airmedic.net\/en\/communique-de-presse\/acquisition-of-airmedic-airmedic-remains-quebec-owned\/","og_site_name":"Airmedic","article_publisher":"https:\/\/www.facebook.com\/AIRMEDIC.QC","twitter_card":"summary_large_image","twitter_misc":{"Est. reading time":"4 minutes"},"schema":{"@context":"https:\/\/schema.org","@graph":[{"@type":"WebPage","@id":"https:\/\/www.airmedic.net\/en\/communique-de-presse\/acquisition-of-airmedic-airmedic-remains-quebec-owned\/","url":"https:\/\/www.airmedic.net\/en\/communique-de-presse\/acquisition-of-airmedic-airmedic-remains-quebec-owned\/","name":"Emergency Air Care in Qu\u00e9bec: Airmedic Remains Local","isPartOf":{"@id":"https:\/\/www.airmedic.net\/en\/#website"},"datePublished":"2023-08-31T18:17:00+00:00","description":"Airmedic, a leading expert in emergency air care in Qu\u00e9bec, remains locally owned following its acquisition by Dessercom.","breadcrumb":{"@id":"https:\/\/www.airmedic.net\/en\/communique-de-presse\/acquisition-of-airmedic-airmedic-remains-quebec-owned\/#breadcrumb"},"inLanguage":"en-US","potentialAction":[{"@type":"ReadAction","target":["https:\/\/www.airmedic.net\/en\/communique-de-presse\/acquisition-of-airmedic-airmedic-remains-quebec-owned\/"]}]},{"@type":"BreadcrumbList","@id":"https:\/\/www.airmedic.net\/en\/communique-de-presse\/acquisition-of-airmedic-airmedic-remains-quebec-owned\/#breadcrumb","itemListElement":[{"@type":"ListItem","position":1,"name":"Home","item":"https:\/\/www.airmedic.net\/en\/"},{"@type":"ListItem","position":2,"name":"Acquisition of Airmedic: Airmedic Remains Qu\u00e9bec-Owned"}]},{"@type":"WebSite","@id":"https:\/\/www.airmedic.net\/en\/#website","url":"https:\/\/www.airmedic.net\/en\/","name":"Airmedic","description":"","publisher":{"@id":"https:\/\/www.airmedic.net\/en\/#organization"},"inLanguage":"en-US"},{"@type":"Organization","@id":"https:\/\/www.airmedic.net\/en\/#organization","name":"Airmedic","url":"https:\/\/www.airmedic.net\/en\/","logo":{"@type":"ImageObject","inLanguage":"en-US","@id":"https:\/\/www.airmedic.net\/en\/#\/schema\/logo\/image\/","url":"https:\/\/www.airmedic.net\/wp-content\/uploads\/2024\/10\/logo-header.svg","contentUrl":"https:\/\/www.airmedic.net\/wp-content\/uploads\/2024\/10\/logo-header.svg","width":443,"height":123,"caption":"Airmedic"},"image":{"@id":"https:\/\/www.airmedic.net\/en\/#\/schema\/logo\/image\/"},"sameAs":["https:\/\/www.facebook.com\/AIRMEDIC.QC","https:\/\/www.instagram.com\/airmedicqc","https:\/\/www.youtube.com\/@airmedic6472"]}]}},"_links":{"self":[{"href":"https:\/\/www.airmedic.net\/en\/wp-json\/wp\/v2\/communique-de-presse\/8630","targetHints":{"allow":["GET"]}}],"collection":[{"href":"https:\/\/www.airmedic.net\/en\/wp-json\/wp\/v2\/communique-de-presse"}],"about":[{"href":"https:\/\/www.airmedic.net\/en\/wp-json\/wp\/v2\/types\/communique-de-presse"}],"wp:attachment":[{"href":"https:\/\/www.airmedic.net\/en\/wp-json\/wp\/v2\/media?parent=8630"}],"curies":[{"name":"wp","href":"https:\/\/api.w.org\/{rel}","templated":true}]}}