{"id":8724,"date":"2022-06-02T14:48:15","date_gmt":"2022-06-02T18:48:15","guid":{"rendered":"https:\/\/www.airmedic.net\/communique-de-presse\/airmedic-joins-humanis-to-offer-the-air-medical-transport-training-program\/"},"modified":"2022-06-02T14:48:15","modified_gmt":"2022-06-02T18:48:15","slug":"airmedic-joins-humanis-to-offer-the-air-medical-transport-training-program","status":"publish","type":"communique-de-presse","link":"https:\/\/www.airmedic.net\/en\/communique-de-presse\/airmedic-joins-humanis-to-offer-the-air-medical-transport-training-program\/","title":{"rendered":"Airmedic joins Humanis to offer the Air Medical Transport training program"},"content":{"rendered":"<h2><b><span data-contrast=\"auto\">Airmedic joins Humanis to offer the Air Medical Transport training program <\/span><\/b><\/h2>\n<p><b><span data-contrast=\"auto\">SAGUENAY, February <\/span><\/b><b><span data-contrast=\"auto\">1, 2021 \u2013 <\/span><\/b><span data-contrast=\"auto\"><a href=\"http:\/\/airmedic.net\">Airmedic <\/a>and <a href=\"https:\/\/cchic.ca\/\">C\u00e9gep de Chicoutimi<\/a> are proud to combine their strengths to offer the <a href=\"https:\/\/cchic.ca\/transport-medical-aeroporte-humanis\/#:~:text=D%C3%A9velopp%C3%A9%20en%20partenariat%20avec%20le,dur%C3%A9e%20totale%20de%20145%20heures.\">Air Medical Transport<\/a> training at the <a href=\"https:\/\/humanis.qc.ca\/\">Humanis <\/a>Continuing Education Centre.<\/span><\/p>\n<p><span data-contrast=\"auto\">This new agreement states that instructors from both organizations will share teaching responsibilities. Indeed, experienced personnel will provide theoretical and practical training. Airmedic will also provide access to aircraft and specialized equipment.   <\/span>Thus, the training will meet industry standards and ensure care quality <span data-contrast=\"auto\">in close collaboration with the training centre.<\/span><\/p>\n<h3>A program supported by experts<\/h3>\n<p>C\u00e9gep de Chicoutimi also has strong expertise in health, with seven programs in the field. This makes it a major player in training professionals within Quebec\u2019s college network. <\/p>\n<p><span data-contrast=\"auto\">\u201cWe are pleased to partner with Airmedic, Quebec\u2019s leader in interfacility air medical transport. Its expertise, combined with our instructors\u2019 experience and our online training background, ensures a winning formula.\u201d \u2013 Ms. Manon Chapdelaine, Director of the Humanis Continuing Education Centre, C\u00e9gep de Chicoutimi<\/span><\/p>\n<p><span data-contrast=\"auto\">\u201cHaving an air medical transport training program available within an educational institution<\/span> is another step toward professionalizing our service. This project supports our objective of strengthening regulation of air medical services in Quebec. Indeed, we hope helicopter medical transport will be fully integrated into the public health system. I am excited about our collaboration with C\u00e9gep de Chicoutimi, in Saguenay\u2013Lac-Saint-Jean, where everything began for Airmedic.\u201d \u2013 Sophie Larochelle, Chief Executive Officer of Airmedic.    <\/p>\n<h3>A complete training adapted to real conditions<\/h3>\n<p><span data-contrast=\"auto\"><a href=\"https:\/\/cqfacollege.cchic.ca\/\">The Centre qu\u00e9b\u00e9cois de formation a\u00e9ronautique (CQFA)<\/a>, also a project partner, will lead the wilderness survival courses<\/span>. It has mastered this expertise for decades. \u201cStudents must complete a 60-hour wilderness survival course, just like our national school pilots. We will take them into the forest, and they must learn to survive winter conditions. In this way, they will be ready to face extreme situations that may occur during air transport,\u201d explains CQFA Director Steeve Noreau.  <\/p>\n<p><span data-contrast=\"auto\">The <\/span>Air Medical Transport program lasts 145 hours. Fifty hours will be provided by Airmedic and focus on the air medical component. The training runs from February 2 to June 13 and will train ten selected healthcare professionals working as nurses, paramedics, and respiratory therapists. <\/p>\n<p>Read Also : <a href=\"https:\/\/www.airmedic.net\/en\/airmedic-joins-forces-with-humanis-to-offer-training-in-air-medical-transport\/\">Airmedic joins forces with Humanis to offer training in air medical transport<\/a><\/p>\n<p><img fetchpriority=\"high\" decoding=\"async\" class=\"alignnone\" src=\"https:\/\/nouveau.airmedic.net\/wp-content\/uploads\/2025\/02\/Article_650_400_blogue_ARM_2104_humanis-2.jpg\" alt=\"Air medical transport training\" width=\"650\" height=\"400\"><\/p>\n<h3 data-pm-slice=\"1 1 []\">About Airmedic<\/h3>\n<p>Airmedic is an innovative private Quebec company. Indeed, it offers assistance and ground and air medical transport across Quebec. Furthermore, it is the only company in Quebec operating its own fleet of planes and helicopters dedicated to emergency medical evacuations and interfacility transfers.  <\/p>\n<p>Futhermore, since 2016, Airmedic has held <a href=\"https:\/\/accreditation.ca\/\">Accreditation Canada<\/a> certification. It is also accredited by <a href=\"mailto:eemond@cchic.ca\">Transports Canada<\/a> for IFR flight and night-vision goggle use. Thus, these certifications demonstrate its commitment to providing high-quality care in a safe environment, 24\/7.  <\/p>\n<p><a href=\"https:\/\/www.airmedic.net\/adherer\">Learn more about Airmedic protection<\/a><\/p>\n<p><span data-contrast=\"none\">-30-<\/span><span data-ccp-props=\"{\"134233117\":true,\"134233118\":true,\"201341983\":0,\"335551550\":2,\"335551620\":2,\"335559740\":240}\"> <\/span><\/p>\n<p><span data-contrast=\"none\">Source: Airmedic<\/span> <span data-ccp-props=\"{\"201341983\":0,\"335559739\":160,\"335559740\":259}\"> <\/span><\/p>\n<p><strong>Contact <\/strong><\/p>\n<p><span data-contrast=\"auto\">Eric Emond<\/span><span data-ccp-props=\"{\"201341983\":0,\"335559739\":160,\"335559740\":240}\"><br \/>\n<\/span><span data-contrast=\"auto\">Director of Recruitment, Corporate Affairs and Communications<\/span><span data-ccp-props=\"{\"201341983\":0,\"335559739\":160,\"335559740\":240}\"><br \/>\n<\/span><span data-contrast=\"auto\">C\u00e9gep de Chicoutimi<\/span><span data-ccp-props=\"{\"201341983\":0,\"335559739\":160,\"335559740\":240}\"><br \/>\n<\/span><span data-contrast=\"auto\">418\u202f820-7627<\/span><span data-ccp-props=\"{\"201341983\":0,\"335559739\":160,\"335559740\":240}\"><br \/>\n<\/span><a href=\"mailto:eemond@cchic.ca\"><span data-contrast=\"none\">eemond@cchic.ca<\/span><\/a><span data-ccp-props=\"{\"201341983\":0,\"335559739\":160,\"335559740\":240}\"> <\/span><\/p>\n<p>Rapha\u00eble Bourgault<br \/>\nBusiness Development and Strategic Communications Manager<br \/>\n<a href=\"mailto:Raphaele.bourgault@airmedic.net\">Raphaele.bourgault@airmedic.net<\/a><br \/>\n514-709-9633<\/p>\n","protected":false},"excerpt":{"rendered":"<p>Airmedic and C\u00e9gep de Chicoutimi are proud to join forces to offer Air Medical Transport training at the Humanis Continuing Education Center. This new agreement stipulates that trainers from both organizations will share the teaching of theoretical and practical courses. <\/p>\n","protected":false},"featured_media":0,"template":"","meta":{"_acf_changed":false,"inline_featured_image":false},"class_list":["post-8724","communique-de-presse","type-communique-de-presse","status-publish","hentry"],"acf":[],"yoast_head":"<!-- This site is optimized with the Yoast SEO Premium plugin v26.9 (Yoast SEO v26.9) - https:\/\/yoast.com\/product\/yoast-seo-premium-wordpress\/ -->\n<title>Air Medical Transport Training: Airmedic and Humanis<\/title>\n<meta name=\"description\" content=\"Airmedic and C\u00e9gep de Chicoutimi launch Air Medical Transport training program to train future healthcare professionals.\" \/>\n<meta name=\"robots\" content=\"index, follow, max-snippet:-1, max-image-preview:large, max-video-preview:-1\" \/>\n<link rel=\"canonical\" href=\"https:\/\/www.airmedic.net\/en\/communique-de-presse\/airmedic-joins-humanis-to-offer-the-air-medical-transport-training-program\/\" \/>\n<meta property=\"og:locale\" content=\"en_US\" \/>\n<meta property=\"og:type\" content=\"article\" \/>\n<meta property=\"og:title\" content=\"Airmedic joins Humanis to offer the Air Medical Transport training program\" \/>\n<meta property=\"og:description\" content=\"Airmedic and C\u00e9gep de Chicoutimi launch Air Medical Transport training program to train future healthcare professionals.\" \/>\n<meta property=\"og:url\" content=\"https:\/\/www.airmedic.net\/en\/communique-de-presse\/airmedic-joins-humanis-to-offer-the-air-medical-transport-training-program\/\" \/>\n<meta property=\"og:site_name\" content=\"Airmedic\" \/>\n<meta property=\"article:publisher\" content=\"https:\/\/www.facebook.com\/AIRMEDIC.QC\" \/>\n<meta property=\"og:image\" content=\"https:\/\/nouveau.airmedic.net\/wp-content\/uploads\/2025\/02\/Article_650_400_blogue_ARM_2104_humanis-2.jpg\" \/>\n<meta name=\"twitter:card\" content=\"summary_large_image\" \/>\n<meta name=\"twitter:label1\" content=\"Est. reading time\" \/>\n\t<meta name=\"twitter:data1\" content=\"3 minutes\" \/>\n<script type=\"application\/ld+json\" class=\"yoast-schema-graph\">{\"@context\":\"https:\/\/schema.org\",\"@graph\":[{\"@type\":\"WebPage\",\"@id\":\"https:\/\/www.airmedic.net\/en\/communique-de-presse\/airmedic-joins-humanis-to-offer-the-air-medical-transport-training-program\/\",\"url\":\"https:\/\/www.airmedic.net\/en\/communique-de-presse\/airmedic-joins-humanis-to-offer-the-air-medical-transport-training-program\/\",\"name\":\"Air Medical Transport Training: Airmedic and Humanis\",\"isPartOf\":{\"@id\":\"https:\/\/www.airmedic.net\/en\/#website\"},\"primaryImageOfPage\":{\"@id\":\"https:\/\/www.airmedic.net\/en\/communique-de-presse\/airmedic-joins-humanis-to-offer-the-air-medical-transport-training-program\/#primaryimage\"},\"image\":{\"@id\":\"https:\/\/www.airmedic.net\/en\/communique-de-presse\/airmedic-joins-humanis-to-offer-the-air-medical-transport-training-program\/#primaryimage\"},\"thumbnailUrl\":\"https:\/\/nouveau.airmedic.net\/wp-content\/uploads\/2025\/02\/Article_650_400_blogue_ARM_2104_humanis-2.jpg\",\"datePublished\":\"2022-06-02T18:48:15+00:00\",\"description\":\"Airmedic and C\u00e9gep de Chicoutimi launch Air Medical Transport training program to train future healthcare professionals.\",\"breadcrumb\":{\"@id\":\"https:\/\/www.airmedic.net\/en\/communique-de-presse\/airmedic-joins-humanis-to-offer-the-air-medical-transport-training-program\/#breadcrumb\"},\"inLanguage\":\"en-US\",\"potentialAction\":[{\"@type\":\"ReadAction\",\"target\":[\"https:\/\/www.airmedic.net\/en\/communique-de-presse\/airmedic-joins-humanis-to-offer-the-air-medical-transport-training-program\/\"]}]},{\"@type\":\"ImageObject\",\"inLanguage\":\"en-US\",\"@id\":\"https:\/\/www.airmedic.net\/en\/communique-de-presse\/airmedic-joins-humanis-to-offer-the-air-medical-transport-training-program\/#primaryimage\",\"url\":\"https:\/\/nouveau.airmedic.net\/wp-content\/uploads\/2025\/02\/Article_650_400_blogue_ARM_2104_humanis-2.jpg\",\"contentUrl\":\"https:\/\/nouveau.airmedic.net\/wp-content\/uploads\/2025\/02\/Article_650_400_blogue_ARM_2104_humanis-2.jpg\"},{\"@type\":\"BreadcrumbList\",\"@id\":\"https:\/\/www.airmedic.net\/en\/communique-de-presse\/airmedic-joins-humanis-to-offer-the-air-medical-transport-training-program\/#breadcrumb\",\"itemListElement\":[{\"@type\":\"ListItem\",\"position\":1,\"name\":\"Home\",\"item\":\"https:\/\/www.airmedic.net\/en\/\"},{\"@type\":\"ListItem\",\"position\":2,\"name\":\"Airmedic joins Humanis to offer the Air Medical Transport training program\"}]},{\"@type\":\"WebSite\",\"@id\":\"https:\/\/www.airmedic.net\/en\/#website\",\"url\":\"https:\/\/www.airmedic.net\/en\/\",\"name\":\"Airmedic\",\"description\":\"\",\"publisher\":{\"@id\":\"https:\/\/www.airmedic.net\/en\/#organization\"},\"inLanguage\":\"en-US\"},{\"@type\":\"Organization\",\"@id\":\"https:\/\/www.airmedic.net\/en\/#organization\",\"name\":\"Airmedic\",\"url\":\"https:\/\/www.airmedic.net\/en\/\",\"logo\":{\"@type\":\"ImageObject\",\"inLanguage\":\"en-US\",\"@id\":\"https:\/\/www.airmedic.net\/en\/#\/schema\/logo\/image\/\",\"url\":\"https:\/\/www.airmedic.net\/wp-content\/uploads\/2024\/10\/logo-header.svg\",\"contentUrl\":\"https:\/\/www.airmedic.net\/wp-content\/uploads\/2024\/10\/logo-header.svg\",\"width\":443,\"height\":123,\"caption\":\"Airmedic\"},\"image\":{\"@id\":\"https:\/\/www.airmedic.net\/en\/#\/schema\/logo\/image\/\"},\"sameAs\":[\"https:\/\/www.facebook.com\/AIRMEDIC.QC\",\"https:\/\/www.instagram.com\/airmedicqc\",\"https:\/\/www.youtube.com\/@airmedic6472\"]}]}<\/script>\n<!-- \/ Yoast SEO Premium plugin. -->","yoast_head_json":{"title":"Air Medical Transport Training: Airmedic and Humanis","description":"Airmedic and C\u00e9gep de Chicoutimi launch Air Medical Transport training program to train future healthcare professionals.","robots":{"index":"index","follow":"follow","max-snippet":"max-snippet:-1","max-image-preview":"max-image-preview:large","max-video-preview":"max-video-preview:-1"},"canonical":"https:\/\/www.airmedic.net\/en\/communique-de-presse\/airmedic-joins-humanis-to-offer-the-air-medical-transport-training-program\/","og_locale":"en_US","og_type":"article","og_title":"Airmedic joins Humanis to offer the Air Medical Transport training program","og_description":"Airmedic and C\u00e9gep de Chicoutimi launch Air Medical Transport training program to train future healthcare professionals.","og_url":"https:\/\/www.airmedic.net\/en\/communique-de-presse\/airmedic-joins-humanis-to-offer-the-air-medical-transport-training-program\/","og_site_name":"Airmedic","article_publisher":"https:\/\/www.facebook.com\/AIRMEDIC.QC","og_image":[{"url":"https:\/\/nouveau.airmedic.net\/wp-content\/uploads\/2025\/02\/Article_650_400_blogue_ARM_2104_humanis-2.jpg","type":"","width":"","height":""}],"twitter_card":"summary_large_image","twitter_misc":{"Est. reading time":"3 minutes"},"schema":{"@context":"https:\/\/schema.org","@graph":[{"@type":"WebPage","@id":"https:\/\/www.airmedic.net\/en\/communique-de-presse\/airmedic-joins-humanis-to-offer-the-air-medical-transport-training-program\/","url":"https:\/\/www.airmedic.net\/en\/communique-de-presse\/airmedic-joins-humanis-to-offer-the-air-medical-transport-training-program\/","name":"Air Medical Transport Training: Airmedic and Humanis","isPartOf":{"@id":"https:\/\/www.airmedic.net\/en\/#website"},"primaryImageOfPage":{"@id":"https:\/\/www.airmedic.net\/en\/communique-de-presse\/airmedic-joins-humanis-to-offer-the-air-medical-transport-training-program\/#primaryimage"},"image":{"@id":"https:\/\/www.airmedic.net\/en\/communique-de-presse\/airmedic-joins-humanis-to-offer-the-air-medical-transport-training-program\/#primaryimage"},"thumbnailUrl":"https:\/\/nouveau.airmedic.net\/wp-content\/uploads\/2025\/02\/Article_650_400_blogue_ARM_2104_humanis-2.jpg","datePublished":"2022-06-02T18:48:15+00:00","description":"Airmedic and C\u00e9gep de Chicoutimi launch Air Medical Transport training program to train future healthcare professionals.","breadcrumb":{"@id":"https:\/\/www.airmedic.net\/en\/communique-de-presse\/airmedic-joins-humanis-to-offer-the-air-medical-transport-training-program\/#breadcrumb"},"inLanguage":"en-US","potentialAction":[{"@type":"ReadAction","target":["https:\/\/www.airmedic.net\/en\/communique-de-presse\/airmedic-joins-humanis-to-offer-the-air-medical-transport-training-program\/"]}]},{"@type":"ImageObject","inLanguage":"en-US","@id":"https:\/\/www.airmedic.net\/en\/communique-de-presse\/airmedic-joins-humanis-to-offer-the-air-medical-transport-training-program\/#primaryimage","url":"https:\/\/nouveau.airmedic.net\/wp-content\/uploads\/2025\/02\/Article_650_400_blogue_ARM_2104_humanis-2.jpg","contentUrl":"https:\/\/nouveau.airmedic.net\/wp-content\/uploads\/2025\/02\/Article_650_400_blogue_ARM_2104_humanis-2.jpg"},{"@type":"BreadcrumbList","@id":"https:\/\/www.airmedic.net\/en\/communique-de-presse\/airmedic-joins-humanis-to-offer-the-air-medical-transport-training-program\/#breadcrumb","itemListElement":[{"@type":"ListItem","position":1,"name":"Home","item":"https:\/\/www.airmedic.net\/en\/"},{"@type":"ListItem","position":2,"name":"Airmedic joins Humanis to offer the Air Medical Transport training program"}]},{"@type":"WebSite","@id":"https:\/\/www.airmedic.net\/en\/#website","url":"https:\/\/www.airmedic.net\/en\/","name":"Airmedic","description":"","publisher":{"@id":"https:\/\/www.airmedic.net\/en\/#organization"},"inLanguage":"en-US"},{"@type":"Organization","@id":"https:\/\/www.airmedic.net\/en\/#organization","name":"Airmedic","url":"https:\/\/www.airmedic.net\/en\/","logo":{"@type":"ImageObject","inLanguage":"en-US","@id":"https:\/\/www.airmedic.net\/en\/#\/schema\/logo\/image\/","url":"https:\/\/www.airmedic.net\/wp-content\/uploads\/2024\/10\/logo-header.svg","contentUrl":"https:\/\/www.airmedic.net\/wp-content\/uploads\/2024\/10\/logo-header.svg","width":443,"height":123,"caption":"Airmedic"},"image":{"@id":"https:\/\/www.airmedic.net\/en\/#\/schema\/logo\/image\/"},"sameAs":["https:\/\/www.facebook.com\/AIRMEDIC.QC","https:\/\/www.instagram.com\/airmedicqc","https:\/\/www.youtube.com\/@airmedic6472"]}]}},"_links":{"self":[{"href":"https:\/\/www.airmedic.net\/en\/wp-json\/wp\/v2\/communique-de-presse\/8724","targetHints":{"allow":["GET"]}}],"collection":[{"href":"https:\/\/www.airmedic.net\/en\/wp-json\/wp\/v2\/communique-de-presse"}],"about":[{"href":"https:\/\/www.airmedic.net\/en\/wp-json\/wp\/v2\/types\/communique-de-presse"}],"wp:attachment":[{"href":"https:\/\/www.airmedic.net\/en\/wp-json\/wp\/v2\/media?parent=8724"}],"curies":[{"name":"wp","href":"https:\/\/api.w.org\/{rel}","templated":true}]}}