{"id":8120,"date":"2021-05-17T14:13:21","date_gmt":"2021-05-17T18:13:21","guid":{"rendered":"https:\/\/www.airmedic.net\/a-blood-drive-at-the-heart-of-the-airmedics-hangar\/"},"modified":"2025-09-02T16:07:01","modified_gmt":"2025-09-02T20:07:01","slug":"hema-quebec-a-blood-drive-in-the-heart-of-the-airmedics-hangar","status":"publish","type":"post","link":"https:\/\/www.airmedic.net\/en\/hema-quebec-a-blood-drive-in-the-heart-of-the-airmedics-hangar\/","title":{"rendered":"A blood drive at the heart of the Airmedic&#8217;s hangar"},"content":{"rendered":"<h2>H\u00e9ma-Qu\u00e9bec, full of life!<\/h2>\n<p data-start=\"448\" data-end=\"865\">On May 17, Airmedic opened the doors of its hangar to H\u00e9ma-Qu\u00e9bec for a very special blood drive. Organized in partnership with Ian Lafreni\u00e8re, MNA for Vachon, the event brought together volunteers, donors, and employees in a wave of contagious generosity. A lively H\u00e9ma-Qu\u00e9bec team quickly transformed the space into a fully equipped donation center.<\/p>\n<p data-start=\"867\" data-end=\"1234\">From the start of the day, donors arrived with smiles, fully aware of the importance of their contribution. Each donation directly helps save lives. Minister Lafreni\u00e8re also joined the event to meet participants, connect with the teams on site, and thank everyone who chose to get involved.<\/p>\n<h3 data-start=\"1236\" data-end=\"1528\">Airmedic and H\u00e9ma-Qu\u00e9bec: A shared mission<\/h3>\n<p data-start=\"1236\" data-end=\"1528\">Airmedic shares a human-centered mission with H\u00e9ma-Qu\u00e9bec. Together, they show that helping others can take many forms. Donating blood means giving someone, whether a patient, parent, or child, another chance. We are proud to have participated in this initiative, highlighting our shared values: solidarity, altruism, and action.<\/p>\n<h3 data-start=\"1628\" data-end=\"1659\">A well-organized event<\/h3>\n<p data-start=\"1530\" data-end=\"1932\">The day was expertly coordinated by \u00c9liane Provost, Airmedic\u2019s Director of Business Development. With dedication and energy, she worked closely with H\u00e9ma-Qu\u00e9bec staff and the local constituency to make the event a success. The hangar was set up to welcome participants in an environment that was both professional and warm.<\/p>\n<p data-start=\"1934\" data-end=\"2177\">Thanks to the drive, many units of blood were collected. Every bag counts. Every volunteer makes a difference. Each moment shared reflects the spirit of solidarity that drives both organizations. The impact goes far beyond a single day, these donations will support hospitals, clinics, and patients across Qu\u00e9bec in the weeks to come.<\/p>\n<h3 data-start=\"2323\" data-end=\"2357\">Continuing the chain of life<\/h3>\n<p data-start=\"2179\" data-end=\"2409\">Airmedic hopes to repeat this experience soon. You can also contribute to this vital movement. Check H\u00e9ma-Qu\u00e9bec\u2019s upcoming blood drives and join this life-saving chain. Together, we can keep the momentum alive and ensure that hope is always within reach.<\/p>\n\n\n<p><\/p>\n","protected":false},"excerpt":{"rendered":"<p>Our hangar was taken over by an army of volunteers from H\u00e9ma-Qu\u00e9bec to help improve the lives of the many Quebecers who need access to blood transfusions.<\/p>\n","protected":false},"author":1,"featured_media":7506,"comment_status":"open","ping_status":"open","sticky":false,"template":"","format":"standard","meta":{"_acf_changed":false,"inline_featured_image":false,"footnotes":""},"categories":[1],"tags":[],"class_list":["post-8120","post","type-post","status-publish","format-standard","has-post-thumbnail","hentry","category-non-classifiee"],"acf":[],"yoast_head":"<!-- This site is optimized with the Yoast SEO Premium plugin v26.9 (Yoast SEO v26.9) - https:\/\/yoast.com\/product\/yoast-seo-premium-wordpress\/ -->\n<title>H\u00e9ma-Qu\u00e9bec | A blood drive in the heart of the Airmedic&#039;s hangar<\/title>\n<meta name=\"description\" content=\"Airmedic welcomed H\u00e9ma-Qu\u00e9bec for a blood drive in partnership with Minister Ian Lafreni\u00e8re. A day dedicated to saving lives.\" \/>\n<meta name=\"robots\" content=\"index, follow, max-snippet:-1, max-image-preview:large, max-video-preview:-1\" \/>\n<link rel=\"canonical\" href=\"https:\/\/www.airmedic.net\/en\/hema-quebec-a-blood-drive-in-the-heart-of-the-airmedics-hangar\/\" \/>\n<meta property=\"og:locale\" content=\"en_US\" \/>\n<meta property=\"og:type\" content=\"article\" \/>\n<meta property=\"og:title\" content=\"A blood drive at the heart of the Airmedic&#039;s hangar\" \/>\n<meta property=\"og:description\" content=\"Airmedic welcomed H\u00e9ma-Qu\u00e9bec for a blood drive in partnership with Minister Ian Lafreni\u00e8re. A day dedicated to saving lives.\" \/>\n<meta property=\"og:url\" content=\"https:\/\/www.airmedic.net\/en\/hema-quebec-a-blood-drive-in-the-heart-of-the-airmedics-hangar\/\" \/>\n<meta property=\"og:site_name\" content=\"Airmedic\" \/>\n<meta property=\"article:publisher\" content=\"https:\/\/www.facebook.com\/AIRMEDIC.QC\" \/>\n<meta property=\"article:published_time\" content=\"2021-05-17T18:13:21+00:00\" \/>\n<meta property=\"article:modified_time\" content=\"2025-09-02T20:07:01+00:00\" \/>\n<meta property=\"og:image\" content=\"https:\/\/www.airmedic.net\/wp-content\/uploads\/2025\/02\/EnTete_2600x1200_blogue_ARM_2105_Hema-Quebec-1-scaled-1.jpg\" \/>\n\t<meta property=\"og:image:width\" content=\"2560\" \/>\n\t<meta property=\"og:image:height\" content=\"1182\" \/>\n\t<meta property=\"og:image:type\" content=\"image\/jpeg\" \/>\n<meta name=\"author\" content=\"wpadmin\" \/>\n<meta name=\"twitter:card\" content=\"summary_large_image\" \/>\n<meta name=\"twitter:label1\" content=\"Written by\" \/>\n\t<meta name=\"twitter:data1\" content=\"wpadmin\" \/>\n\t<meta name=\"twitter:label2\" content=\"Est. reading time\" \/>\n\t<meta name=\"twitter:data2\" content=\"2 minutes\" \/>\n<script type=\"application\/ld+json\" class=\"yoast-schema-graph\">{\"@context\":\"https:\/\/schema.org\",\"@graph\":[{\"@type\":\"Article\",\"@id\":\"https:\/\/www.airmedic.net\/en\/hema-quebec-a-blood-drive-in-the-heart-of-the-airmedics-hangar\/#article\",\"isPartOf\":{\"@id\":\"https:\/\/www.airmedic.net\/en\/hema-quebec-a-blood-drive-in-the-heart-of-the-airmedics-hangar\/\"},\"author\":{\"name\":\"wpadmin\",\"@id\":\"https:\/\/www.airmedic.net\/en\/#\/schema\/person\/5924abb2a692d4b38f9d7512023a06c5\"},\"headline\":\"A blood drive at the heart of the Airmedic&#8217;s hangar\",\"datePublished\":\"2021-05-17T18:13:21+00:00\",\"dateModified\":\"2025-09-02T20:07:01+00:00\",\"mainEntityOfPage\":{\"@id\":\"https:\/\/www.airmedic.net\/en\/hema-quebec-a-blood-drive-in-the-heart-of-the-airmedics-hangar\/\"},\"wordCount\":338,\"commentCount\":0,\"publisher\":{\"@id\":\"https:\/\/www.airmedic.net\/en\/#organization\"},\"image\":{\"@id\":\"https:\/\/www.airmedic.net\/en\/hema-quebec-a-blood-drive-in-the-heart-of-the-airmedics-hangar\/#primaryimage\"},\"thumbnailUrl\":\"https:\/\/www.airmedic.net\/wp-content\/uploads\/2025\/02\/EnTete_2600x1200_blogue_ARM_2105_Hema-Quebec-1-scaled-1.jpg\",\"articleSection\":[\"Non classifi\u00e9(e)\"],\"inLanguage\":\"en-US\",\"potentialAction\":[{\"@type\":\"CommentAction\",\"name\":\"Comment\",\"target\":[\"https:\/\/www.airmedic.net\/en\/hema-quebec-a-blood-drive-in-the-heart-of-the-airmedics-hangar\/#respond\"]}]},{\"@type\":\"WebPage\",\"@id\":\"https:\/\/www.airmedic.net\/en\/hema-quebec-a-blood-drive-in-the-heart-of-the-airmedics-hangar\/\",\"url\":\"https:\/\/www.airmedic.net\/en\/hema-quebec-a-blood-drive-in-the-heart-of-the-airmedics-hangar\/\",\"name\":\"H\u00e9ma-Qu\u00e9bec | A blood drive in the heart of the Airmedic's hangar\",\"isPartOf\":{\"@id\":\"https:\/\/www.airmedic.net\/en\/#website\"},\"primaryImageOfPage\":{\"@id\":\"https:\/\/www.airmedic.net\/en\/hema-quebec-a-blood-drive-in-the-heart-of-the-airmedics-hangar\/#primaryimage\"},\"image\":{\"@id\":\"https:\/\/www.airmedic.net\/en\/hema-quebec-a-blood-drive-in-the-heart-of-the-airmedics-hangar\/#primaryimage\"},\"thumbnailUrl\":\"https:\/\/www.airmedic.net\/wp-content\/uploads\/2025\/02\/EnTete_2600x1200_blogue_ARM_2105_Hema-Quebec-1-scaled-1.jpg\",\"datePublished\":\"2021-05-17T18:13:21+00:00\",\"dateModified\":\"2025-09-02T20:07:01+00:00\",\"description\":\"Airmedic welcomed H\u00e9ma-Qu\u00e9bec for a blood drive in partnership with Minister Ian Lafreni\u00e8re. A day dedicated to saving lives.\",\"breadcrumb\":{\"@id\":\"https:\/\/www.airmedic.net\/en\/hema-quebec-a-blood-drive-in-the-heart-of-the-airmedics-hangar\/#breadcrumb\"},\"inLanguage\":\"en-US\",\"potentialAction\":[{\"@type\":\"ReadAction\",\"target\":[\"https:\/\/www.airmedic.net\/en\/hema-quebec-a-blood-drive-in-the-heart-of-the-airmedics-hangar\/\"]}]},{\"@type\":\"ImageObject\",\"inLanguage\":\"en-US\",\"@id\":\"https:\/\/www.airmedic.net\/en\/hema-quebec-a-blood-drive-in-the-heart-of-the-airmedics-hangar\/#primaryimage\",\"url\":\"https:\/\/www.airmedic.net\/wp-content\/uploads\/2025\/02\/EnTete_2600x1200_blogue_ARM_2105_Hema-Quebec-1-scaled-1.jpg\",\"contentUrl\":\"https:\/\/www.airmedic.net\/wp-content\/uploads\/2025\/02\/EnTete_2600x1200_blogue_ARM_2105_Hema-Quebec-1-scaled-1.jpg\",\"width\":2560,\"height\":1182,\"caption\":\"h\u00e9ma-qu\u00e9bec\"},{\"@type\":\"BreadcrumbList\",\"@id\":\"https:\/\/www.airmedic.net\/en\/hema-quebec-a-blood-drive-in-the-heart-of-the-airmedics-hangar\/#breadcrumb\",\"itemListElement\":[{\"@type\":\"ListItem\",\"position\":1,\"name\":\"Home\",\"item\":\"https:\/\/www.airmedic.net\/en\/\"},{\"@type\":\"ListItem\",\"position\":2,\"name\":\"A blood drive at the heart of the Airmedic&rsquo;s hangar\"}]},{\"@type\":\"WebSite\",\"@id\":\"https:\/\/www.airmedic.net\/en\/#website\",\"url\":\"https:\/\/www.airmedic.net\/en\/\",\"name\":\"Airmedic\",\"description\":\"\",\"publisher\":{\"@id\":\"https:\/\/www.airmedic.net\/en\/#organization\"},\"inLanguage\":\"en-US\"},{\"@type\":\"Organization\",\"@id\":\"https:\/\/www.airmedic.net\/en\/#organization\",\"name\":\"Airmedic\",\"url\":\"https:\/\/www.airmedic.net\/en\/\",\"logo\":{\"@type\":\"ImageObject\",\"inLanguage\":\"en-US\",\"@id\":\"https:\/\/www.airmedic.net\/en\/#\/schema\/logo\/image\/\",\"url\":\"https:\/\/www.airmedic.net\/wp-content\/uploads\/2024\/10\/logo-header.svg\",\"contentUrl\":\"https:\/\/www.airmedic.net\/wp-content\/uploads\/2024\/10\/logo-header.svg\",\"width\":443,\"height\":123,\"caption\":\"Airmedic\"},\"image\":{\"@id\":\"https:\/\/www.airmedic.net\/en\/#\/schema\/logo\/image\/\"},\"sameAs\":[\"https:\/\/www.facebook.com\/AIRMEDIC.QC\",\"https:\/\/www.instagram.com\/airmedicqc\",\"https:\/\/www.youtube.com\/@airmedic6472\"]},{\"@type\":\"Person\",\"@id\":\"https:\/\/www.airmedic.net\/en\/#\/schema\/person\/5924abb2a692d4b38f9d7512023a06c5\",\"name\":\"wpadmin\",\"image\":{\"@type\":\"ImageObject\",\"inLanguage\":\"en-US\",\"@id\":\"https:\/\/www.airmedic.net\/en\/#\/schema\/person\/image\/\",\"url\":\"https:\/\/secure.gravatar.com\/avatar\/a83266070279269bbc10978a60112d47a96c017fbe77b2bed2e3020934c84a7d?s=96&d=mm&r=g\",\"contentUrl\":\"https:\/\/secure.gravatar.com\/avatar\/a83266070279269bbc10978a60112d47a96c017fbe77b2bed2e3020934c84a7d?s=96&d=mm&r=g\",\"caption\":\"wpadmin\"},\"sameAs\":[\"http:\/\/nouveau.airmedic.net\"],\"url\":\"https:\/\/www.airmedic.net\/en\/author\/wpadmin\/\"}]}<\/script>\n<!-- \/ Yoast SEO Premium plugin. -->","yoast_head_json":{"title":"H\u00e9ma-Qu\u00e9bec | A blood drive in the heart of the Airmedic's hangar","description":"Airmedic welcomed H\u00e9ma-Qu\u00e9bec for a blood drive in partnership with Minister Ian Lafreni\u00e8re. A day dedicated to saving lives.","robots":{"index":"index","follow":"follow","max-snippet":"max-snippet:-1","max-image-preview":"max-image-preview:large","max-video-preview":"max-video-preview:-1"},"canonical":"https:\/\/www.airmedic.net\/en\/hema-quebec-a-blood-drive-in-the-heart-of-the-airmedics-hangar\/","og_locale":"en_US","og_type":"article","og_title":"A blood drive at the heart of the Airmedic's hangar","og_description":"Airmedic welcomed H\u00e9ma-Qu\u00e9bec for a blood drive in partnership with Minister Ian Lafreni\u00e8re. A day dedicated to saving lives.","og_url":"https:\/\/www.airmedic.net\/en\/hema-quebec-a-blood-drive-in-the-heart-of-the-airmedics-hangar\/","og_site_name":"Airmedic","article_publisher":"https:\/\/www.facebook.com\/AIRMEDIC.QC","article_published_time":"2021-05-17T18:13:21+00:00","article_modified_time":"2025-09-02T20:07:01+00:00","og_image":[{"width":2560,"height":1182,"url":"https:\/\/www.airmedic.net\/wp-content\/uploads\/2025\/02\/EnTete_2600x1200_blogue_ARM_2105_Hema-Quebec-1-scaled-1.jpg","type":"image\/jpeg"}],"author":"wpadmin","twitter_card":"summary_large_image","twitter_misc":{"Written by":"wpadmin","Est. reading time":"2 minutes"},"schema":{"@context":"https:\/\/schema.org","@graph":[{"@type":"Article","@id":"https:\/\/www.airmedic.net\/en\/hema-quebec-a-blood-drive-in-the-heart-of-the-airmedics-hangar\/#article","isPartOf":{"@id":"https:\/\/www.airmedic.net\/en\/hema-quebec-a-blood-drive-in-the-heart-of-the-airmedics-hangar\/"},"author":{"name":"wpadmin","@id":"https:\/\/www.airmedic.net\/en\/#\/schema\/person\/5924abb2a692d4b38f9d7512023a06c5"},"headline":"A blood drive at the heart of the Airmedic&#8217;s hangar","datePublished":"2021-05-17T18:13:21+00:00","dateModified":"2025-09-02T20:07:01+00:00","mainEntityOfPage":{"@id":"https:\/\/www.airmedic.net\/en\/hema-quebec-a-blood-drive-in-the-heart-of-the-airmedics-hangar\/"},"wordCount":338,"commentCount":0,"publisher":{"@id":"https:\/\/www.airmedic.net\/en\/#organization"},"image":{"@id":"https:\/\/www.airmedic.net\/en\/hema-quebec-a-blood-drive-in-the-heart-of-the-airmedics-hangar\/#primaryimage"},"thumbnailUrl":"https:\/\/www.airmedic.net\/wp-content\/uploads\/2025\/02\/EnTete_2600x1200_blogue_ARM_2105_Hema-Quebec-1-scaled-1.jpg","articleSection":["Non classifi\u00e9(e)"],"inLanguage":"en-US","potentialAction":[{"@type":"CommentAction","name":"Comment","target":["https:\/\/www.airmedic.net\/en\/hema-quebec-a-blood-drive-in-the-heart-of-the-airmedics-hangar\/#respond"]}]},{"@type":"WebPage","@id":"https:\/\/www.airmedic.net\/en\/hema-quebec-a-blood-drive-in-the-heart-of-the-airmedics-hangar\/","url":"https:\/\/www.airmedic.net\/en\/hema-quebec-a-blood-drive-in-the-heart-of-the-airmedics-hangar\/","name":"H\u00e9ma-Qu\u00e9bec | A blood drive in the heart of the Airmedic's hangar","isPartOf":{"@id":"https:\/\/www.airmedic.net\/en\/#website"},"primaryImageOfPage":{"@id":"https:\/\/www.airmedic.net\/en\/hema-quebec-a-blood-drive-in-the-heart-of-the-airmedics-hangar\/#primaryimage"},"image":{"@id":"https:\/\/www.airmedic.net\/en\/hema-quebec-a-blood-drive-in-the-heart-of-the-airmedics-hangar\/#primaryimage"},"thumbnailUrl":"https:\/\/www.airmedic.net\/wp-content\/uploads\/2025\/02\/EnTete_2600x1200_blogue_ARM_2105_Hema-Quebec-1-scaled-1.jpg","datePublished":"2021-05-17T18:13:21+00:00","dateModified":"2025-09-02T20:07:01+00:00","description":"Airmedic welcomed H\u00e9ma-Qu\u00e9bec for a blood drive in partnership with Minister Ian Lafreni\u00e8re. A day dedicated to saving lives.","breadcrumb":{"@id":"https:\/\/www.airmedic.net\/en\/hema-quebec-a-blood-drive-in-the-heart-of-the-airmedics-hangar\/#breadcrumb"},"inLanguage":"en-US","potentialAction":[{"@type":"ReadAction","target":["https:\/\/www.airmedic.net\/en\/hema-quebec-a-blood-drive-in-the-heart-of-the-airmedics-hangar\/"]}]},{"@type":"ImageObject","inLanguage":"en-US","@id":"https:\/\/www.airmedic.net\/en\/hema-quebec-a-blood-drive-in-the-heart-of-the-airmedics-hangar\/#primaryimage","url":"https:\/\/www.airmedic.net\/wp-content\/uploads\/2025\/02\/EnTete_2600x1200_blogue_ARM_2105_Hema-Quebec-1-scaled-1.jpg","contentUrl":"https:\/\/www.airmedic.net\/wp-content\/uploads\/2025\/02\/EnTete_2600x1200_blogue_ARM_2105_Hema-Quebec-1-scaled-1.jpg","width":2560,"height":1182,"caption":"h\u00e9ma-qu\u00e9bec"},{"@type":"BreadcrumbList","@id":"https:\/\/www.airmedic.net\/en\/hema-quebec-a-blood-drive-in-the-heart-of-the-airmedics-hangar\/#breadcrumb","itemListElement":[{"@type":"ListItem","position":1,"name":"Home","item":"https:\/\/www.airmedic.net\/en\/"},{"@type":"ListItem","position":2,"name":"A blood drive at the heart of the Airmedic&rsquo;s hangar"}]},{"@type":"WebSite","@id":"https:\/\/www.airmedic.net\/en\/#website","url":"https:\/\/www.airmedic.net\/en\/","name":"Airmedic","description":"","publisher":{"@id":"https:\/\/www.airmedic.net\/en\/#organization"},"inLanguage":"en-US"},{"@type":"Organization","@id":"https:\/\/www.airmedic.net\/en\/#organization","name":"Airmedic","url":"https:\/\/www.airmedic.net\/en\/","logo":{"@type":"ImageObject","inLanguage":"en-US","@id":"https:\/\/www.airmedic.net\/en\/#\/schema\/logo\/image\/","url":"https:\/\/www.airmedic.net\/wp-content\/uploads\/2024\/10\/logo-header.svg","contentUrl":"https:\/\/www.airmedic.net\/wp-content\/uploads\/2024\/10\/logo-header.svg","width":443,"height":123,"caption":"Airmedic"},"image":{"@id":"https:\/\/www.airmedic.net\/en\/#\/schema\/logo\/image\/"},"sameAs":["https:\/\/www.facebook.com\/AIRMEDIC.QC","https:\/\/www.instagram.com\/airmedicqc","https:\/\/www.youtube.com\/@airmedic6472"]},{"@type":"Person","@id":"https:\/\/www.airmedic.net\/en\/#\/schema\/person\/5924abb2a692d4b38f9d7512023a06c5","name":"wpadmin","image":{"@type":"ImageObject","inLanguage":"en-US","@id":"https:\/\/www.airmedic.net\/en\/#\/schema\/person\/image\/","url":"https:\/\/secure.gravatar.com\/avatar\/a83266070279269bbc10978a60112d47a96c017fbe77b2bed2e3020934c84a7d?s=96&d=mm&r=g","contentUrl":"https:\/\/secure.gravatar.com\/avatar\/a83266070279269bbc10978a60112d47a96c017fbe77b2bed2e3020934c84a7d?s=96&d=mm&r=g","caption":"wpadmin"},"sameAs":["http:\/\/nouveau.airmedic.net"],"url":"https:\/\/www.airmedic.net\/en\/author\/wpadmin\/"}]}},"_links":{"self":[{"href":"https:\/\/www.airmedic.net\/en\/wp-json\/wp\/v2\/posts\/8120","targetHints":{"allow":["GET"]}}],"collection":[{"href":"https:\/\/www.airmedic.net\/en\/wp-json\/wp\/v2\/posts"}],"about":[{"href":"https:\/\/www.airmedic.net\/en\/wp-json\/wp\/v2\/types\/post"}],"author":[{"embeddable":true,"href":"https:\/\/www.airmedic.net\/en\/wp-json\/wp\/v2\/users\/1"}],"replies":[{"embeddable":true,"href":"https:\/\/www.airmedic.net\/en\/wp-json\/wp\/v2\/comments?post=8120"}],"version-history":[{"count":2,"href":"https:\/\/www.airmedic.net\/en\/wp-json\/wp\/v2\/posts\/8120\/revisions"}],"predecessor-version":[{"id":8385,"href":"https:\/\/www.airmedic.net\/en\/wp-json\/wp\/v2\/posts\/8120\/revisions\/8385"}],"wp:featuredmedia":[{"embeddable":true,"href":"https:\/\/www.airmedic.net\/en\/wp-json\/wp\/v2\/media\/7506"}],"wp:attachment":[{"href":"https:\/\/www.airmedic.net\/en\/wp-json\/wp\/v2\/media?parent=8120"}],"wp:term":[{"taxonomy":"category","embeddable":true,"href":"https:\/\/www.airmedic.net\/en\/wp-json\/wp\/v2\/categories?post=8120"},{"taxonomy":"post_tag","embeddable":true,"href":"https:\/\/www.airmedic.net\/en\/wp-json\/wp\/v2\/tags?post=8120"}],"curies":[{"name":"wp","href":"https:\/\/api.w.org\/{rel}","templated":true}]}}